{"id":4728,"date":"2024-12-09T12:22:54","date_gmt":"2024-12-09T11:22:54","guid":{"rendered":"https:\/\/www.boogaerdthout.nl\/?p=4728"},"modified":"2024-12-09T12:22:54","modified_gmt":"2024-12-09T11:22:54","slug":"fermeture-des-vacances-de-noel-2024-2025","status":"publish","type":"post","link":"https:\/\/www.boogaerdthout.nl\/fr\/2024\/12\/09\/kerstvakantie-sluiting-2024-2025\/","title":{"rendered":"Notre fermeture pour les vacances de No\u00ebl (2024\/2025)"},"content":{"rendered":"<div id='av-layout-grid-1'  class='av-layout-grid-container av-dke6g4-1fd90dcbb4671580ce6b87487b94c918 entry-content-wrapper main_color av-flex-cells  avia-builder-el-0  el_before_av_two_third  avia-builder-el-first   container_wrap sidebar_right'  >\n\n<style type=\"text\/css\" data-created_by=\"avia_inline_auto\" id=\"style-css-av-craaok-80d26a54a0cf7b606a6e128ac7dc63c1\">\n.flex_cell.av-craaok-80d26a54a0cf7b606a6e128ac7dc63c1{\nvertical-align:middle;\nheight:580px;\nmin-height:580px;\nbackground-color:#004629;\n}\n.responsive #top #wrap_all .flex_cell.av-craaok-80d26a54a0cf7b606a6e128ac7dc63c1{\npadding:2% 2% 2% 2% !important;\n}\n\n@media only screen and (min-width: 480px) and (max-width: 767px){ \n.responsive #top #wrap_all .flex_cell.av-craaok-80d26a54a0cf7b606a6e128ac7dc63c1{\npadding:40px 40px 40px 40px !important;\n}\n}\n\n@media only screen and (max-width: 479px){ \n.responsive #top #wrap_all .flex_cell.av-craaok-80d26a54a0cf7b606a6e128ac7dc63c1{\npadding:40px 40px 40px 40px !important;\n}\n}\n<\/style>\n<div class='flex_cell av-craaok-80d26a54a0cf7b606a6e128ac7dc63c1 av-gridrow-cell av_one_half no_margin  avia-builder-el-1  el_before_av_cell_one_half  avia-builder-el-first  banner-tekst content-align-middle'  ><div class='flex_cell_inner'>\n<style type=\"text\/css\" data-created_by=\"avia_inline_auto\" id=\"style-css-av-lxys5rli-d1392a0ca40ae7e8622cdddceee3f54d\">\n#top .av_textblock_section.av-lxys5rli-d1392a0ca40ae7e8622cdddceee3f54d .avia_textblock{\nfont-size:22px;\ncolor:#ffffff;\n}\n<\/style>\n<section  class='av_textblock_section av-lxys5rli-d1392a0ca40ae7e8622cdddceee3f54d'   itemscope=\"itemscope\" itemtype=\"https:\/\/schema.org\/BlogPosting\" itemprop=\"blogPost\" ><div class='avia_textblock av_inherit_color'  itemprop=\"text\" ><h1>Notre fermeture pour les vacances de No\u00ebl (2024\/2025)<\/h1>\n<p>Nous nous dirigeons vers la fin de l&#039;ann\u00e9e 2024. Boogaerdt Hout sera temporairement ferm\u00e9 pendant les vacances de No\u00ebl. Nous serons \u00e0 nouveau pr\u00eats pour vous en 2025. Lisez ce message pour savoir quand nous sommes ferm\u00e9s.<\/p>\n<\/div><\/section>\n<\/div><\/div>\n<style type=\"text\/css\" data-created_by=\"avia_inline_auto\" id=\"style-css-av-lxys7qne-c67843e8ef44fe5c1a15d725c46ce532\">\n.flex_cell.av-lxys7qne-c67843e8ef44fe5c1a15d725c46ce532{\nvertical-align:middle;\nheight:580px;\nmin-height:580px;\nbackground:url(https:\/\/www.boogaerdthout.nl\/wp-content\/uploads\/2024\/12\/Kerstkaart-2024.png) 50% 50% no-repeat scroll ;\n}\n.responsive #top #wrap_all .flex_cell.av-lxys7qne-c67843e8ef44fe5c1a15d725c46ce532{\npadding:60px 60px 60px 60px !important;\n}\n<\/style>\n<div class='flex_cell av-lxys7qne-c67843e8ef44fe5c1a15d725c46ce532 av-gridrow-cell av_one_half no_margin  avia-builder-el-3  el_after_av_cell_one_half  avia-builder-el-last  banner-foto content-align-middle avia-full-stretch'  ><div class='flex_cell_inner'>\n<style type=\"text\/css\" data-created_by=\"avia_inline_auto\" id=\"style-css-av-13xgfgo-6c7c4c9b4c4cb55cabe63b59d6d624db\">\n.flex_column.av-13xgfgo-6c7c4c9b4c4cb55cabe63b59d6d624db{\nborder-width:1px;\nborder-color:#ffffff;\nborder-style:solid;\npadding:370px 30px 30px 30px;\n}\n<\/style>\n<div  class='flex_column av-13xgfgo-6c7c4c9b4c4cb55cabe63b59d6d624db av_two_third  avia-builder-el-4  avia-builder-el-no-sibling  first flex_column_div'     ><section  class='av_textblock_section av-m4cl89xf-87e7db12700cecba10dc19ff92cbf692'   itemscope=\"itemscope\" itemtype=\"https:\/\/schema.org\/BlogPosting\" itemprop=\"blogPost\" ><div class='avia_textblock toepassing-logo'  itemprop=\"text\" ><p><img loading=\"lazy\" decoding=\"async\" class=\"alignleft wp-image-4748 size-full\" src=\"https:\/\/www.boogaerdthout.nl\/wp-content\/uploads\/2024\/12\/Skyline.png\" alt=\"\" width=\"578\" height=\"93\" srcset=\"https:\/\/www.boogaerdthout.nl\/wp-content\/uploads\/2024\/12\/Skyline.png 578w, https:\/\/www.boogaerdthout.nl\/wp-content\/uploads\/2024\/12\/Skyline-300x48.png 300w, https:\/\/www.boogaerdthout.nl\/wp-content\/uploads\/2024\/12\/Skyline-18x3.png 18w\" sizes=\"auto, (max-width: 578px) 100vw, 578px\" \/><\/p>\n<\/div><\/section><\/div>\n<\/div><\/div>\n<\/div><div id='after_grid_row_1'  class='main_color av_default_container_wrap container_wrap sidebar_right'  ><div class='container av-section-cont-open' ><div class='template-page content  av-content-small alpha units'><div class='post-entry post-entry-type-page post-entry-4728'><div class='entry-content-wrapper clearfix'>\n<div  class='flex_column av-3pk9s8-118000814cd54cda0eab6cb6605c216c av_two_third  avia-builder-el-6  el_after_av_layout_row  el_before_av_one_third  avia-builder-el-first  first flex_column_div'     ><section  class='av_textblock_section av-m4cgk8fs-51a51ccae46c12ab03593bfeba70b8a6'   itemscope=\"itemscope\" itemtype=\"https:\/\/schema.org\/BlogPosting\" itemprop=\"blogPost\" ><div class='avia_textblock'  itemprop=\"text\" ><h2>Notre fermeture pour les f\u00eates de No\u00ebl<\/h2>\n<p class=\"MuiTypography-root MuiTypography-body1 MuiTypography-gutterBottom mui-style-6t6vsk\">Par\u00a0<strong class=\"MuiBox-root mui-style-1tyfudp\">Du lundi 23 d\u00e9cembre au vendredi 3 janvier (semaine 52 et semaine 1)<\/strong> Boogaerdt Hout est ferm\u00e9. Les ventes ne sont pas disponibles ces jours-ci. Aucune extradition n\u2019aura lieu pendant cette p\u00e9riode. Nous sommes heureux d&#039;\u00eatre \u00e0 nouveau pr\u00eats pour vous le lundi 6 janvier (semaine 2). Les demandes re\u00e7ues pendant nos vacances seront trait\u00e9es le lundi 6 janvier.<\/p>\n<\/div><\/section><br \/>\n<div  class='av_promobox av-m4cqtpuj-6fcec75f83daeebf92e87f52111b0aa6 avia-button-yes  avia-builder-el-8  el_after_av_textblock  el_before_av_textblock'><div class='avia-promocontent'><\/p>\n<h4><span style=\"color: #000000;\">Souhaitez-vous toujours rester inform\u00e9 des derni\u00e8res nouvelles concernant Boogaerdt Hout ?<\/span><\/h4>\n<h4><span style=\"color: #000000;\"><strong>Alors suivez-nous sur LinkedIn !<\/strong><\/span><\/h4>\n<p>\n<\/div><div  class='avia-button-wrap av-m4cqtpuj-7acaabf7d3dafb0f297170a5495d02ae-wrap avia-button-right'><a href='https:\/\/www.linkedin.com\/company\/boogaerdt-hout\/'  class='avia-button av-m4cqtpuj-7acaabf7d3dafb0f297170a5495d02ae av-link-btn avia-icon_select-yes-left-icon avia-size-medium avia-position-right avia-color-theme-color'  target=\"_blank\"  rel=\"noopener noreferrer\"  aria-label=\"Suivre sur LinkedIn\"><span class='avia_button_icon avia_button_icon_left avia-iconfont avia-font-entypo-fontello' data-av_icon='\ue8fd' data-av_iconfont='entypo-fontello' ><\/span><span class='avia_iconbox_title' >Suivre sur LinkedIn<\/span><\/a><\/div><\/div><br \/>\n<section  class='av_textblock_section av-m4cgzvw2-59e6c43570d742bc4d20e304bb3ae8c9'   itemscope=\"itemscope\" itemtype=\"https:\/\/schema.org\/BlogPosting\" itemprop=\"blogPost\" ><div class='avia_textblock'  itemprop=\"text\" ><h2>Nos horaires d&#039;ouverture adapt\u00e9s.<\/h2>\n<ul>\n<li class=\"MuiBox-root mui-style-u56a92\"><span class=\"MuiBox-root mui-style-u56a92\"><em class=\"MuiBox-root mui-style-xlu5uw\">Dernier moment de commande\u00a0:<\/em> en semaine 51, vous pouvez commander jusqu&#039;\u00e0 <strong class=\"MuiBox-root mui-style-1tyfudp\">Mercredi 18 d\u00e9cembre, 16h00<\/strong>\u00a0<strong class=\"MuiBox-root mui-style-1tyfudp\">heures<\/strong>. Le bois sera ensuite livr\u00e9 (de pr\u00e9f\u00e9rence) le jeudi 19 d\u00e9cembre ou (limit\u00e9 et en concertation) le vendredi 20 d\u00e9cembre.<\/span><\/li>\n<li class=\"MuiTypography-root MuiTypography-body1 MuiTypography-gutterBottom mui-style-6t6vsk\">Nos commerciaux sont joignables par t\u00e9l\u00e9phone jusqu&#039;au vendredi 20 d\u00e9cembre 15h.<\/li>\n<li><strong>Nous sommes compl\u00e8tement ferm\u00e9s la semaine 52 et la semaine 1<\/strong>.<\/li>\n<li>Sur <strong>lundi 6 janvier 2025<\/strong> nous sommes \u00e0 nouveau pr\u00eats pour vous.<\/li>\n<li>Notre machine est ferm\u00e9e du <strong>18 d\u00e9cembre 2024<\/strong>.<\/li>\n<\/ul>\n<\/div><\/section><br \/>\n<section  class='av_textblock_section av-m4ch2pdr-f2e4595119d7dd95aedb5d8c18cf6aec'   itemscope=\"itemscope\" itemtype=\"https:\/\/schema.org\/BlogPosting\" itemprop=\"blogPost\" ><div class='avia_textblock'  itemprop=\"text\" ><h2 class=\"MuiTypography-root MuiTypography-h2 mui-style-1lmvbio\">Quels sont vos souhaits ?<\/h2>\n<p class=\"MuiTypography-root MuiTypography-body1 MuiTypography-gutterBottom mui-style-6t6vsk\">Avez-vous besoin de bois pendant cette p\u00e9riode ? Faites-le-nous savoir \u00e0 temps. Peut-\u00eatre pourrions-nous compl\u00e9ter cela avec vous. Nous aimerions entendre vos souhaits. Posez votre question ou appelez notre \u00e9quipe : <strong class=\"MuiBox-root mui-style-1tyfudp\">0180 551 552.<\/strong><\/p>\n<\/div><\/section><\/p><\/div><div  class='flex_column av-36xtzc-8cfa4fdfda11ced0b5534d9539bf0009 av_one_third  avia-builder-el-11  el_after_av_two_third  avia-builder-el-last  flex_column_div'     ><div  class='avia-builder-widget-area clearfix  avia-builder-el-12  avia-builder-el-no-sibling'><section id=\"avia_auto_toc-2\" class=\"widget clearfix avia-widget-container avia_auto_toc avia_no_block_preview\"><div class=\"avia-preview-headline\">Enfold Child Table des contenus<\/div><div class=\"avia-preview-info\">Titre : Contenu de la page<\/div><div class=\"avia-preview-in-front\">Le tableau n\u2019est pas la bonne affiche au moment de sa publication.<\/div><span class=\"seperator extralight-border\"><\/span><\/section><section id=\"text-7\" class=\"widget clearfix widget_text\"><h3 class=\"widgettitle\">Plus d&#039;information<\/h3>\t\t\t<div class=\"textwidget\"><ul>\n<li><a href=\"https:\/\/www.boogaerdthout.nl\/fr\/inspiration\/base-de-donnee\/\">Base de connaissances<\/a><\/li>\n<li><a href=\"https:\/\/www.boogaerdthout.nl\/fr\/a-propos-de-nous\/telechargements\/\">T\u00e9l\u00e9chargements<\/a><\/li>\n<li><a href=\"https:\/\/www.boogaerdthout.nl\/fr\/inspiration\/projets\/\">Projets<\/a><\/li>\n<li><a href=\"https:\/\/www.boogaerdthout.nl\/fr\/profils-de-revetement-de-facade\/\">Profil\u00e9s rev\u00eatement de fa\u00e7ade<\/a><\/li>\n<li><a href=\"https:\/\/www.boogaerdthout.nl\/fr\/profils-terrasse\/\">Profils de terrasse<\/a><\/li>\n<li><a href=\"https:\/\/www.boogaerdthout.nl\/fr\/a-propos-de-nous\/traitements-du-bois\/\">Traitements du bois<\/a><\/li>\n<\/ul>\n<\/div>\n\t\t<span class=\"seperator extralight-border\"><\/span><\/section><section id=\"custom_html-2\" class=\"widget_text widget clearfix widget_custom_html\"><h3 class=\"widgettitle\">Pose ta question<\/h3><div class=\"textwidget custom-html-widget\">\n\n\t\t\n\t    \t    \n        <div class=\"cta-foto\">\n            <img decoding=\"async\" loading=\"lazy\" width=\"600\" height=\"600\" src=\"https:\/\/www.boogaerdthout.nl\/wp-content\/uploads\/2023\/08\/Boogaerdt-personeel-lars-bastiaansen.jpg\" class=\"wp-image-1822 avia-img-lazy-loading-1822 attachment-post-thumbnail size-post-thumbnail wp-post-image\" alt=\"Lars Bastiaansen\" srcset=\"https:\/\/www.boogaerdthout.nl\/wp-content\/uploads\/2023\/08\/Boogaerdt-personeel-lars-bastiaansen.jpg 600w, https:\/\/www.boogaerdthout.nl\/wp-content\/uploads\/2023\/08\/Boogaerdt-personeel-lars-bastiaansen-300x300.jpg 300w, https:\/\/www.boogaerdthout.nl\/wp-content\/uploads\/2023\/08\/Boogaerdt-personeel-lars-bastiaansen-80x80.jpg 80w, https:\/\/www.boogaerdthout.nl\/wp-content\/uploads\/2023\/08\/Boogaerdt-personeel-lars-bastiaansen-36x36.jpg 36w, https:\/\/www.boogaerdthout.nl\/wp-content\/uploads\/2023\/08\/Boogaerdt-personeel-lars-bastiaansen-180x180.jpg 180w\" sizes=\"auto, (max-width: 600px) 100vw, 600px\" \/>        <\/div>\n        <div class=\"cta-info\">\n            <p>Lars Bastiaansen<\/p>\n            <p class=\"functie\">Directeur des ventes<\/p>\n            <p>0180-551 552<\/p>\n            <a href=\"\/fr\/contact\/\" class=\"avia-button avia-icon_select-no avia-size-small btn-side avia-position-left avia-color-theme-color\"><span class=\"avia_iconbox_title\">Envoyer un message<\/span><\/a>\n        <\/div>\n        \n\t\t\n\t\t\n<\/div><span class=\"seperator extralight-border\"><\/span><\/section><section id=\"text-2\" class=\"widget clearfix widget_text\">\t\t\t<div class=\"textwidget\"><div class=\"artikelen\">\n<h4>Articles de presse<\/h4>\n<p>\t\t\t\t\t\t\t<a href=\"https:\/\/www.boogaerdthout.nl\/fr\/2026\/04\/02\/hr-medewerker\/\">\t<\/p>\n<div class=\"wrapper\">\n                <img decoding=\"async\" loading=\"lazy\" width=\"1707\" height=\"1707\" src=\"https:\/\/www.boogaerdthout.nl\/wp-content\/uploads\/2026\/04\/Overleg-Accoya-scaled-e1775138458513.jpg\" class=\"wp-image-5509 avia-img-lazy-loading-5509 attachment-post-thumbnail size-post-thumbnail wp-post-image\" alt=\"\" srcset=\"https:\/\/www.boogaerdthout.nl\/wp-content\/uploads\/2026\/04\/Overleg-Accoya-scaled-e1775138458513.jpg 1707w, https:\/\/www.boogaerdthout.nl\/wp-content\/uploads\/2026\/04\/Overleg-Accoya-scaled-e1775138458513-300x300.jpg 300w, https:\/\/www.boogaerdthout.nl\/wp-content\/uploads\/2026\/04\/Overleg-Accoya-scaled-e1775138458513-1030x1030.jpg 1030w, https:\/\/www.boogaerdthout.nl\/wp-content\/uploads\/2026\/04\/Overleg-Accoya-scaled-e1775138458513-80x80.jpg 80w, https:\/\/www.boogaerdthout.nl\/wp-content\/uploads\/2026\/04\/Overleg-Accoya-scaled-e1775138458513-768x768.jpg 768w, https:\/\/www.boogaerdthout.nl\/wp-content\/uploads\/2026\/04\/Overleg-Accoya-scaled-e1775138458513-1536x1536.jpg 1536w, https:\/\/www.boogaerdthout.nl\/wp-content\/uploads\/2026\/04\/Overleg-Accoya-scaled-e1775138458513-12x12.jpg 12w, https:\/\/www.boogaerdthout.nl\/wp-content\/uploads\/2026\/04\/Overleg-Accoya-scaled-e1775138458513-36x36.jpg 36w, https:\/\/www.boogaerdthout.nl\/wp-content\/uploads\/2026\/04\/Overleg-Accoya-scaled-e1775138458513-180x180.jpg 180w, https:\/\/www.boogaerdthout.nl\/wp-content\/uploads\/2026\/04\/Overleg-Accoya-scaled-e1775138458513-1500x1500.jpg 1500w, https:\/\/www.boogaerdthout.nl\/wp-content\/uploads\/2026\/04\/Overleg-Accoya-scaled-e1775138458513-705x705.jpg 705w, https:\/\/www.boogaerdthout.nl\/wp-content\/uploads\/2026\/04\/Overleg-Accoya-scaled-e1775138458513-400x400.jpg 400w, https:\/\/www.boogaerdthout.nl\/wp-content\/uploads\/2026\/04\/Overleg-Accoya-scaled-e1775138458513-600x600.jpg 600w\" sizes=\"auto, (max-width: 1707px) 100vw, 1707px\" \/>\t\t\t\t<\/p>\n<div class=\"artikel-content\">\n<p>Employ\u00e9 RH (24-32 heures)<\/p>\n<\/div><\/div>\n<p>        <\/a><br \/>\n\t\t\t\t\t\t\t<a href=\"https:\/\/www.boogaerdthout.nl\/fr\/2026\/03\/12\/5416\/\">\t<\/p>\n<div class=\"wrapper\">\n                <img decoding=\"async\" loading=\"lazy\" width=\"1195\" height=\"1195\" src=\"https:\/\/www.boogaerdthout.nl\/wp-content\/uploads\/2026\/02\/Billinga-B-fix-scaled-e1771580756663.png\" class=\"wp-image-5380 avia-img-lazy-loading-5380 attachment-post-thumbnail size-post-thumbnail wp-post-image\" alt=\"\" srcset=\"https:\/\/www.boogaerdthout.nl\/wp-content\/uploads\/2026\/02\/Billinga-B-fix-scaled-e1771580756663.png 1195w, https:\/\/www.boogaerdthout.nl\/wp-content\/uploads\/2026\/02\/Billinga-B-fix-scaled-e1771580756663-300x300.png 300w, https:\/\/www.boogaerdthout.nl\/wp-content\/uploads\/2026\/02\/Billinga-B-fix-scaled-e1771580756663-1030x1030.png 1030w, https:\/\/www.boogaerdthout.nl\/wp-content\/uploads\/2026\/02\/Billinga-B-fix-scaled-e1771580756663-80x80.png 80w, https:\/\/www.boogaerdthout.nl\/wp-content\/uploads\/2026\/02\/Billinga-B-fix-scaled-e1771580756663-768x768.png 768w, https:\/\/www.boogaerdthout.nl\/wp-content\/uploads\/2026\/02\/Billinga-B-fix-scaled-e1771580756663-12x12.png 12w, https:\/\/www.boogaerdthout.nl\/wp-content\/uploads\/2026\/02\/Billinga-B-fix-scaled-e1771580756663-36x36.png 36w, https:\/\/www.boogaerdthout.nl\/wp-content\/uploads\/2026\/02\/Billinga-B-fix-scaled-e1771580756663-180x180.png 180w, https:\/\/www.boogaerdthout.nl\/wp-content\/uploads\/2026\/02\/Billinga-B-fix-scaled-e1771580756663-705x705.png 705w, https:\/\/www.boogaerdthout.nl\/wp-content\/uploads\/2026\/02\/Billinga-B-fix-scaled-e1771580756663-400x400.png 400w, https:\/\/www.boogaerdthout.nl\/wp-content\/uploads\/2026\/02\/Billinga-B-fix-scaled-e1771580756663-600x600.png 600w\" sizes=\"auto, (max-width: 1195px) 100vw, 1195px\" \/>\t\t\t\t<\/p>\n<div class=\"artikel-content\">\n<p>La saison des terrasses est ouverte.<\/p>\n<\/div><\/div>\n<p>        <\/a><br \/>\n\t\t\t\t\t\t\t<a href=\"https:\/\/www.boogaerdthout.nl\/fr\/2026\/03\/08\/stage-marketing\/\">\t<\/p>\n<div class=\"wrapper\">\n                <img decoding=\"async\" loading=\"lazy\" width=\"1024\" height=\"1024\" src=\"https:\/\/www.boogaerdthout.nl\/wp-content\/uploads\/2026\/04\/Gemini_Generated_Image_kpybh0kpybh0kpyb.png\" class=\"wp-image-5517 avia-img-lazy-loading-5517 attachment-post-thumbnail size-post-thumbnail wp-post-image\" alt=\"\" srcset=\"https:\/\/www.boogaerdthout.nl\/wp-content\/uploads\/2026\/04\/Gemini_Generated_Image_kpybh0kpybh0kpyb.png 1024w, https:\/\/www.boogaerdthout.nl\/wp-content\/uploads\/2026\/04\/Gemini_Generated_Image_kpybh0kpybh0kpyb-300x300.png 300w, https:\/\/www.boogaerdthout.nl\/wp-content\/uploads\/2026\/04\/Gemini_Generated_Image_kpybh0kpybh0kpyb-80x80.png 80w, https:\/\/www.boogaerdthout.nl\/wp-content\/uploads\/2026\/04\/Gemini_Generated_Image_kpybh0kpybh0kpyb-768x768.png 768w, https:\/\/www.boogaerdthout.nl\/wp-content\/uploads\/2026\/04\/Gemini_Generated_Image_kpybh0kpybh0kpyb-12x12.png 12w, https:\/\/www.boogaerdthout.nl\/wp-content\/uploads\/2026\/04\/Gemini_Generated_Image_kpybh0kpybh0kpyb-36x36.png 36w, https:\/\/www.boogaerdthout.nl\/wp-content\/uploads\/2026\/04\/Gemini_Generated_Image_kpybh0kpybh0kpyb-180x180.png 180w, https:\/\/www.boogaerdthout.nl\/wp-content\/uploads\/2026\/04\/Gemini_Generated_Image_kpybh0kpybh0kpyb-705x705.png 705w\" sizes=\"auto, (max-width: 1024px) 100vw, 1024px\" \/>\t\t\t\t<\/p>\n<div class=\"artikel-content\">\n<p>Stage en marketing et ventes<\/p>\n<\/div><\/div>\n<p>        <\/a><\/p><\/div>\n<\/div>\n\t\t<span class=\"seperator extralight-border\"><\/span><\/section><\/div><\/div><\/p>","protected":false},"excerpt":{"rendered":"","protected":false},"author":2,"featured_media":4745,"comment_status":"closed","ping_status":"open","sticky":false,"template":"","format":"standard","meta":{"_acf_changed":false,"footnotes":""},"categories":[4],"tags":[],"class_list":["post-4728","post","type-post","status-publish","format-standard","has-post-thumbnail","hentry","category-nieuws"],"acf":[],"yoast_head":"<!-- This site is optimized with the Yoast SEO plugin v27.5 - https:\/\/yoast.com\/product\/yoast-seo-wordpress\/ -->\n<title>Onze kerstvakantie sluiting (2024\/2025) - Boogaerdt Hout<\/title>\n<meta name=\"description\" content=\"Van\u00a0maandag 23 december t\/m vrijdag 3 januari is Boogaerdt Hout gesloten. Maandag 6 januari staan wij weer voor u klaar!\" \/>\n<meta name=\"robots\" content=\"index, follow, max-snippet:-1, max-image-preview:large, max-video-preview:-1\" \/>\n<link rel=\"canonical\" href=\"https:\/\/www.boogaerdthout.nl\/fr\/2024\/12\/09\/fermeture-des-vacances-de-noel-2024-2025\/\" \/>\n<meta property=\"og:locale\" content=\"fr_FR\" \/>\n<meta property=\"og:type\" content=\"article\" \/>\n<meta property=\"og:title\" content=\"Onze kerstvakantie sluiting (2024\/2025) - Boogaerdt Hout\" \/>\n<meta property=\"og:description\" content=\"Van\u00a0maandag 23 december t\/m vrijdag 3 januari is Boogaerdt Hout gesloten. Maandag 6 januari staan wij weer voor u klaar!\" \/>\n<meta property=\"og:url\" content=\"https:\/\/www.boogaerdthout.nl\/fr\/2024\/12\/09\/fermeture-des-vacances-de-noel-2024-2025\/\" \/>\n<meta property=\"og:site_name\" content=\"Boogaerdt Hout\" \/>\n<meta property=\"article:published_time\" content=\"2024-12-09T11:22:54+00:00\" \/>\n<meta property=\"og:image\" content=\"https:\/\/www.boogaerdthout.nl\/wp-content\/uploads\/2024\/12\/Kerstkaart-2024.png\" \/>\n\t<meta property=\"og:image:width\" content=\"596\" \/>\n\t<meta property=\"og:image:height\" content=\"420\" \/>\n\t<meta property=\"og:image:type\" content=\"image\/png\" \/>\n<meta name=\"author\" content=\"boogaerdt\" \/>\n<meta name=\"twitter:label1\" content=\"\u00c9crit par\" \/>\n\t<meta name=\"twitter:data1\" content=\"boogaerdt\" \/>\n\t<meta name=\"twitter:label2\" content=\"Dur\u00e9e de lecture estim\u00e9e\" \/>\n\t<meta name=\"twitter:data2\" content=\"3 minutes\" \/>\n<script type=\"application\/ld+json\" class=\"yoast-schema-graph\">{\"@context\":\"https:\\\/\\\/schema.org\",\"@graph\":[{\"@type\":\"Article\",\"@id\":\"https:\\\/\\\/www.boogaerdthout.nl\\\/2024\\\/12\\\/09\\\/kerstvakantie-sluiting-2024-2025\\\/#article\",\"isPartOf\":{\"@id\":\"https:\\\/\\\/www.boogaerdthout.nl\\\/2024\\\/12\\\/09\\\/kerstvakantie-sluiting-2024-2025\\\/\"},\"author\":{\"name\":\"boogaerdt\",\"@id\":\"https:\\\/\\\/www.boogaerdthout.nl\\\/#\\\/schema\\\/person\\\/a1e9820a25ec3ca97b5a3215202d3cee\"},\"headline\":\"Onze kerstvakantie sluiting (2024\\\/2025)\",\"datePublished\":\"2024-12-09T11:22:54+00:00\",\"mainEntityOfPage\":{\"@id\":\"https:\\\/\\\/www.boogaerdthout.nl\\\/2024\\\/12\\\/09\\\/kerstvakantie-sluiting-2024-2025\\\/\"},\"wordCount\":1924,\"image\":{\"@id\":\"https:\\\/\\\/www.boogaerdthout.nl\\\/2024\\\/12\\\/09\\\/kerstvakantie-sluiting-2024-2025\\\/#primaryimage\"},\"thumbnailUrl\":\"https:\\\/\\\/www.boogaerdthout.nl\\\/wp-content\\\/uploads\\\/2024\\\/12\\\/Kerstkaart-2024.png\",\"articleSection\":[\"Nieuws\"],\"inLanguage\":\"fr-FR\"},{\"@type\":\"WebPage\",\"@id\":\"https:\\\/\\\/www.boogaerdthout.nl\\\/2024\\\/12\\\/09\\\/kerstvakantie-sluiting-2024-2025\\\/\",\"url\":\"https:\\\/\\\/www.boogaerdthout.nl\\\/2024\\\/12\\\/09\\\/kerstvakantie-sluiting-2024-2025\\\/\",\"name\":\"Onze kerstvakantie sluiting (2024\\\/2025) - Boogaerdt Hout\",\"isPartOf\":{\"@id\":\"https:\\\/\\\/www.boogaerdthout.nl\\\/#website\"},\"primaryImageOfPage\":{\"@id\":\"https:\\\/\\\/www.boogaerdthout.nl\\\/2024\\\/12\\\/09\\\/kerstvakantie-sluiting-2024-2025\\\/#primaryimage\"},\"image\":{\"@id\":\"https:\\\/\\\/www.boogaerdthout.nl\\\/2024\\\/12\\\/09\\\/kerstvakantie-sluiting-2024-2025\\\/#primaryimage\"},\"thumbnailUrl\":\"https:\\\/\\\/www.boogaerdthout.nl\\\/wp-content\\\/uploads\\\/2024\\\/12\\\/Kerstkaart-2024.png\",\"datePublished\":\"2024-12-09T11:22:54+00:00\",\"author\":{\"@id\":\"https:\\\/\\\/www.boogaerdthout.nl\\\/#\\\/schema\\\/person\\\/a1e9820a25ec3ca97b5a3215202d3cee\"},\"description\":\"Van\u00a0maandag 23 december t\\\/m vrijdag 3 januari is Boogaerdt Hout gesloten. Maandag 6 januari staan wij weer voor u klaar!\",\"breadcrumb\":{\"@id\":\"https:\\\/\\\/www.boogaerdthout.nl\\\/2024\\\/12\\\/09\\\/kerstvakantie-sluiting-2024-2025\\\/#breadcrumb\"},\"inLanguage\":\"fr-FR\",\"potentialAction\":[{\"@type\":\"ReadAction\",\"target\":[\"https:\\\/\\\/www.boogaerdthout.nl\\\/2024\\\/12\\\/09\\\/kerstvakantie-sluiting-2024-2025\\\/\"]}]},{\"@type\":\"ImageObject\",\"inLanguage\":\"fr-FR\",\"@id\":\"https:\\\/\\\/www.boogaerdthout.nl\\\/2024\\\/12\\\/09\\\/kerstvakantie-sluiting-2024-2025\\\/#primaryimage\",\"url\":\"https:\\\/\\\/www.boogaerdthout.nl\\\/wp-content\\\/uploads\\\/2024\\\/12\\\/Kerstkaart-2024.png\",\"contentUrl\":\"https:\\\/\\\/www.boogaerdthout.nl\\\/wp-content\\\/uploads\\\/2024\\\/12\\\/Kerstkaart-2024.png\",\"width\":596,\"height\":420},{\"@type\":\"BreadcrumbList\",\"@id\":\"https:\\\/\\\/www.boogaerdthout.nl\\\/2024\\\/12\\\/09\\\/kerstvakantie-sluiting-2024-2025\\\/#breadcrumb\",\"itemListElement\":[{\"@type\":\"ListItem\",\"position\":1,\"name\":\"Home\",\"item\":\"https:\\\/\\\/www.boogaerdthout.nl\\\/home-2\\\/\"},{\"@type\":\"ListItem\",\"position\":2,\"name\":\"Onze kerstvakantie sluiting (2024\\\/2025)\"}]},{\"@type\":\"WebSite\",\"@id\":\"https:\\\/\\\/www.boogaerdthout.nl\\\/#website\",\"url\":\"https:\\\/\\\/www.boogaerdthout.nl\\\/\",\"name\":\"Boogaerdt Hout\",\"description\":\"Koninklijke houthandel Boogaerdt B.V.\",\"potentialAction\":[{\"@type\":\"SearchAction\",\"target\":{\"@type\":\"EntryPoint\",\"urlTemplate\":\"https:\\\/\\\/www.boogaerdthout.nl\\\/?s={search_term_string}\"},\"query-input\":{\"@type\":\"PropertyValueSpecification\",\"valueRequired\":true,\"valueName\":\"search_term_string\"}}],\"inLanguage\":\"fr-FR\"},{\"@type\":\"Person\",\"@id\":\"https:\\\/\\\/www.boogaerdthout.nl\\\/#\\\/schema\\\/person\\\/a1e9820a25ec3ca97b5a3215202d3cee\",\"name\":\"boogaerdt\",\"url\":\"https:\\\/\\\/www.boogaerdthout.nl\\\/fr\\\/author\\\/boogaerdt\\\/\"}]}<\/script>\n<!-- \/ Yoast SEO plugin. -->","yoast_head_json":{"title":"Notre fermeture pour les vacances de No\u00ebl (2024\/2025) - Boogaerdt Hout","description":"Boogaerdt Hout sera ferm\u00e9 du lundi 23 d\u00e9cembre au vendredi 3 janvier. Nous serons \u00e0 nouveau pr\u00eats pour vous le lundi 6 janvier !","robots":{"index":"index","follow":"follow","max-snippet":"max-snippet:-1","max-image-preview":"max-image-preview:large","max-video-preview":"max-video-preview:-1"},"canonical":"https:\/\/www.boogaerdthout.nl\/fr\/2024\/12\/09\/fermeture-des-vacances-de-noel-2024-2025\/","og_locale":"fr_FR","og_type":"article","og_title":"Onze kerstvakantie sluiting (2024\/2025) - Boogaerdt Hout","og_description":"Van\u00a0maandag 23 december t\/m vrijdag 3 januari is Boogaerdt Hout gesloten. Maandag 6 januari staan wij weer voor u klaar!","og_url":"https:\/\/www.boogaerdthout.nl\/fr\/2024\/12\/09\/fermeture-des-vacances-de-noel-2024-2025\/","og_site_name":"Boogaerdt Hout","article_published_time":"2024-12-09T11:22:54+00:00","og_image":[{"width":596,"height":420,"url":"https:\/\/www.boogaerdthout.nl\/wp-content\/uploads\/2024\/12\/Kerstkaart-2024.png","type":"image\/png"}],"author":"boogaerdt","twitter_misc":{"\u00c9crit par":"boogaerdt","Dur\u00e9e de lecture estim\u00e9e":"3 minutes"},"schema":{"@context":"https:\/\/schema.org","@graph":[{"@type":"Article","@id":"https:\/\/www.boogaerdthout.nl\/2024\/12\/09\/kerstvakantie-sluiting-2024-2025\/#article","isPartOf":{"@id":"https:\/\/www.boogaerdthout.nl\/2024\/12\/09\/kerstvakantie-sluiting-2024-2025\/"},"author":{"name":"boogaerdt","@id":"https:\/\/www.boogaerdthout.nl\/#\/schema\/person\/a1e9820a25ec3ca97b5a3215202d3cee"},"headline":"Onze kerstvakantie sluiting (2024\/2025)","datePublished":"2024-12-09T11:22:54+00:00","mainEntityOfPage":{"@id":"https:\/\/www.boogaerdthout.nl\/2024\/12\/09\/kerstvakantie-sluiting-2024-2025\/"},"wordCount":1924,"image":{"@id":"https:\/\/www.boogaerdthout.nl\/2024\/12\/09\/kerstvakantie-sluiting-2024-2025\/#primaryimage"},"thumbnailUrl":"https:\/\/www.boogaerdthout.nl\/wp-content\/uploads\/2024\/12\/Kerstkaart-2024.png","articleSection":["Nieuws"],"inLanguage":"fr-FR"},{"@type":"WebPage","@id":"https:\/\/www.boogaerdthout.nl\/2024\/12\/09\/kerstvakantie-sluiting-2024-2025\/","url":"https:\/\/www.boogaerdthout.nl\/2024\/12\/09\/kerstvakantie-sluiting-2024-2025\/","name":"Notre fermeture pour les vacances de No\u00ebl (2024\/2025) - Boogaerdt Hout","isPartOf":{"@id":"https:\/\/www.boogaerdthout.nl\/#website"},"primaryImageOfPage":{"@id":"https:\/\/www.boogaerdthout.nl\/2024\/12\/09\/kerstvakantie-sluiting-2024-2025\/#primaryimage"},"image":{"@id":"https:\/\/www.boogaerdthout.nl\/2024\/12\/09\/kerstvakantie-sluiting-2024-2025\/#primaryimage"},"thumbnailUrl":"https:\/\/www.boogaerdthout.nl\/wp-content\/uploads\/2024\/12\/Kerstkaart-2024.png","datePublished":"2024-12-09T11:22:54+00:00","author":{"@id":"https:\/\/www.boogaerdthout.nl\/#\/schema\/person\/a1e9820a25ec3ca97b5a3215202d3cee"},"description":"Boogaerdt Hout sera ferm\u00e9 du lundi 23 d\u00e9cembre au vendredi 3 janvier. Nous serons \u00e0 nouveau pr\u00eats pour vous le lundi 6 janvier !","breadcrumb":{"@id":"https:\/\/www.boogaerdthout.nl\/2024\/12\/09\/kerstvakantie-sluiting-2024-2025\/#breadcrumb"},"inLanguage":"fr-FR","potentialAction":[{"@type":"ReadAction","target":["https:\/\/www.boogaerdthout.nl\/2024\/12\/09\/kerstvakantie-sluiting-2024-2025\/"]}]},{"@type":"ImageObject","inLanguage":"fr-FR","@id":"https:\/\/www.boogaerdthout.nl\/2024\/12\/09\/kerstvakantie-sluiting-2024-2025\/#primaryimage","url":"https:\/\/www.boogaerdthout.nl\/wp-content\/uploads\/2024\/12\/Kerstkaart-2024.png","contentUrl":"https:\/\/www.boogaerdthout.nl\/wp-content\/uploads\/2024\/12\/Kerstkaart-2024.png","width":596,"height":420},{"@type":"BreadcrumbList","@id":"https:\/\/www.boogaerdthout.nl\/2024\/12\/09\/kerstvakantie-sluiting-2024-2025\/#breadcrumb","itemListElement":[{"@type":"ListItem","position":1,"name":"Home","item":"https:\/\/www.boogaerdthout.nl\/home-2\/"},{"@type":"ListItem","position":2,"name":"Onze kerstvakantie sluiting (2024\/2025)"}]},{"@type":"WebSite","@id":"https:\/\/www.boogaerdthout.nl\/#website","url":"https:\/\/www.boogaerdthout.nl\/","name":"Boogaerdt Hout","description":"Entreprises commerciales Boogaerdt BV","potentialAction":[{"@type":"SearchAction","target":{"@type":"EntryPoint","urlTemplate":"https:\/\/www.boogaerdthout.nl\/?s={search_term_string}"},"query-input":{"@type":"PropertyValueSpecification","valueRequired":true,"valueName":"search_term_string"}}],"inLanguage":"fr-FR"},{"@type":"Person","@id":"https:\/\/www.boogaerdthout.nl\/#\/schema\/person\/a1e9820a25ec3ca97b5a3215202d3cee","name":"boogaerdt","url":"https:\/\/www.boogaerdthout.nl\/fr\/author\/boogaerdt\/"}]}},"_links":{"self":[{"href":"https:\/\/www.boogaerdthout.nl\/fr\/wp-json\/wp\/v2\/posts\/4728","targetHints":{"allow":["GET"]}}],"collection":[{"href":"https:\/\/www.boogaerdthout.nl\/fr\/wp-json\/wp\/v2\/posts"}],"about":[{"href":"https:\/\/www.boogaerdthout.nl\/fr\/wp-json\/wp\/v2\/types\/post"}],"author":[{"embeddable":true,"href":"https:\/\/www.boogaerdthout.nl\/fr\/wp-json\/wp\/v2\/users\/2"}],"replies":[{"embeddable":true,"href":"https:\/\/www.boogaerdthout.nl\/fr\/wp-json\/wp\/v2\/comments?post=4728"}],"version-history":[{"count":0,"href":"https:\/\/www.boogaerdthout.nl\/fr\/wp-json\/wp\/v2\/posts\/4728\/revisions"}],"wp:featuredmedia":[{"embeddable":true,"href":"https:\/\/www.boogaerdthout.nl\/fr\/wp-json\/wp\/v2\/media\/4745"}],"wp:attachment":[{"href":"https:\/\/www.boogaerdthout.nl\/fr\/wp-json\/wp\/v2\/media?parent=4728"}],"wp:term":[{"taxonomy":"category","embeddable":true,"href":"https:\/\/www.boogaerdthout.nl\/fr\/wp-json\/wp\/v2\/categories?post=4728"},{"taxonomy":"post_tag","embeddable":true,"href":"https:\/\/www.boogaerdthout.nl\/fr\/wp-json\/wp\/v2\/tags?post=4728"}],"curies":[{"name":"wp","href":"https:\/\/api.w.org\/{rel}","templated":true}]}}